{"id":1148,"date":"2022-12-03T00:07:25","date_gmt":"2022-12-03T00:07:25","guid":{"rendered":"https:\/\/icfa.mini.icom.museum\/?p=1148"},"modified":"2022-12-03T00:08:12","modified_gmt":"2022-12-03T00:08:12","slug":"report-prague-2022","status":"publish","type":"post","link":"https:\/\/icfa.mini.icom.museum\/fr\/report-prague-2022\/","title":{"rendered":"ICOM Prague 2022 : Rapport des Pr\u00e9sidents [EN]"},"content":{"rendered":"<h3 class=\"p1\"><strong><span class=\"s1\">ICOM Prague 2022: Chairs\u2019 Report. ICFA Sessions (August 22\u201323) and the Off-site Meeting (August 24)<\/span><\/strong><\/h3>\n<h1 class=\"p1\"><span class=\"s1\">Fine Arts online. How?<span class=\"Apple-converted-space\">\u00a0<\/span><\/span><\/h1>\n<p style=\"text-align: center;\"><a href=\"https:\/\/icfa.mini.icom.museum\/wp-content\/uploads\/sites\/55\/2022\/01\/PROGRAM-ICFA-SESSIONS-1.pdf\">Session Program<\/a><\/p>\n<p class=\"p1\"><span class=\"s1\">ICFA\u2019s two sessions during the ICOM Prague General Conference 2022 reflected the current situation after COVID restrictions had eased. We re-committed to the \u201cFine Arts Under One Roof\u201d focus for future projects.<span class=\"Apple-converted-space\">\u00a0<\/span><\/span><\/p>\n<p class=\"p1\"><span class=\"s1\">We all experienced how COVID restrictions helped us to contact the world and each other via the internet and our ICOM-ICFA offsite meeting theme, \u201cFine Arts online. How?\u201d therefore especially for museums and collections of Fine Arts. This crucial topic not only touches the fields of original artwork vs. reproduction, copy, propagation, but encompasses also chances and challenges to learn, explore, and any kind of outreach. Case studies and best-practices were preferred instead of theoretical approaches.<\/span><\/p>\n<figure id=\"attachment_1100\" aria-describedby=\"caption-attachment-1100\" style=\"width: 500px\" class=\"wp-caption aligncenter\"><img decoding=\"async\" loading=\"lazy\" class=\"wp-image-1101\" src=\"https:\/\/icfa.mini.icom.museum\/wp-content\/uploads\/sites\/55\/2022\/12\/2022-08-22-16.16.03-1024x724.jpg\" alt=\"\" width=\"500\" height=\"353\" srcset=\"https:\/\/icfa.mini.icom.museum\/wp-content\/uploads\/sites\/55\/2022\/12\/2022-08-22-16.16.03-1024x724.jpg 1024w, https:\/\/icfa.mini.icom.museum\/wp-content\/uploads\/sites\/55\/2022\/12\/2022-08-22-16.16.03-300x212.jpg 300w, https:\/\/icfa.mini.icom.museum\/wp-content\/uploads\/sites\/55\/2022\/12\/2022-08-22-16.16.03-768x543.jpg 768w, https:\/\/icfa.mini.icom.museum\/wp-content\/uploads\/sites\/55\/2022\/12\/2022-08-22-16.16.03-1536x1085.jpg 1536w, https:\/\/icfa.mini.icom.museum\/wp-content\/uploads\/sites\/55\/2022\/12\/2022-08-22-16.16.03-2048x1447.jpg 2048w\" sizes=\"(max-width: 500px) 100vw, 500px\" \/><figcaption id=\"caption-attachment-1100\" class=\"wp-caption-text\">Ms Tina FORTI\u010c JAKOPI\u010c presenting <i>Digitalisation as a tool of indirect conservation and access to fragile artworks<\/i><\/figcaption><\/figure>\n<p class=\"p2\"><span class=\"s2\">Among many questions we examined those on how to digitize artworks with additional benefit beyond digital catalogues without <\/span><span class=\"s1\">simply copying artwork into digital format, how to create access and to which kind of digital representation of an artwork. A case study of how digitization is undertaken in the heterogenous world of Czech Museums and which aims are pursued to match different needs was presented, as well as the discussion whether online exhibitions seem to make up for the regret of not being able to visit the exhibition physically, but don\u2019t they create more estrangement? Another case study from the National Center of Photography and Image NCPI, Taipei, Taiwan was on how to provide wider access for a broader audience. A first online exhibition in Taiwan based on the needs of visually impaired audiences was also investigated. This best-practice model will serve as a reference policy for curators to plan inclusive exhibition and accessible display design in the future.<\/span><\/p>\n<figure id=\"attachment_1107\" aria-describedby=\"caption-attachment-1107\" style=\"width: 500px\" class=\"wp-caption aligncenter\"><img decoding=\"async\" loading=\"lazy\" class=\"wp-image-1108\" src=\"https:\/\/icfa.mini.icom.museum\/wp-content\/uploads\/sites\/55\/2022\/12\/2022-08-22-16.49.22-300x225.jpg\" alt=\"\" width=\"500\" height=\"375\" srcset=\"https:\/\/icfa.mini.icom.museum\/wp-content\/uploads\/sites\/55\/2022\/12\/2022-08-22-16.49.22-300x225.jpg 300w, https:\/\/icfa.mini.icom.museum\/wp-content\/uploads\/sites\/55\/2022\/12\/2022-08-22-16.49.22-1024x768.jpg 1024w, https:\/\/icfa.mini.icom.museum\/wp-content\/uploads\/sites\/55\/2022\/12\/2022-08-22-16.49.22-768x576.jpg 768w, https:\/\/icfa.mini.icom.museum\/wp-content\/uploads\/sites\/55\/2022\/12\/2022-08-22-16.49.22-1536x1152.jpg 1536w, https:\/\/icfa.mini.icom.museum\/wp-content\/uploads\/sites\/55\/2022\/12\/2022-08-22-16.49.22-2048x1536.jpg 2048w\" sizes=\"(max-width: 500px) 100vw, 500px\" \/><figcaption id=\"caption-attachment-1107\" class=\"wp-caption-text\">Mr Miroslav KINDL presenting <i>Organization of digitization of museum and galleries collections<\/i> with the co-speaker Ms Jana MACH\u00c1\u010cKOV\u00c1&#8217;s virtual participation<\/figcaption><\/figure>\n<p class=\"p3\"><span class=\"s1\">The second part of the ICFA Prague sessions concentrated on legal aspects and lessons to be learned from the pandemic. The nature of \u2018ownership\u2019 of NFT-linked digital art and the structure of its transaction and analyses of the legal basis for the acquisition and management of such digital art were discussed, including desirable practices for museums concerning the acquisition, maintenance, exhibition and deaccession of NFT-linked artworks. The question of how on-site and online exhibitions and other museum activities will co-operate or compete after the pandemic was discussed and legal aspects were investigated. An ICOM Italy research group, composed of three lawyers and three cultural heritage professionals, has created a practical tool released in open access, with the involvement of a large number of international reviewers, to obtain a cultural exchange with experienced colleagues. The presentation of this project completed this multi-lateral session. We are planning for the contributions to be published soon.<\/span><\/p>\n<p>Christoph Lind<\/p>\n<figure id=\"attachment_1103\" aria-describedby=\"caption-attachment-1103\" style=\"width: 500px\" class=\"wp-caption aligncenter\"><img decoding=\"async\" loading=\"lazy\" class=\"wp-image-1104\" src=\"https:\/\/icfa.mini.icom.museum\/wp-content\/uploads\/sites\/55\/2022\/12\/2022-08-23-15.20.04-300x192.jpg\" alt=\"\" width=\"500\" height=\"320\" srcset=\"https:\/\/icfa.mini.icom.museum\/wp-content\/uploads\/sites\/55\/2022\/12\/2022-08-23-15.20.04-300x192.jpg 300w, https:\/\/icfa.mini.icom.museum\/wp-content\/uploads\/sites\/55\/2022\/12\/2022-08-23-15.20.04-1024x656.jpg 1024w, https:\/\/icfa.mini.icom.museum\/wp-content\/uploads\/sites\/55\/2022\/12\/2022-08-23-15.20.04-768x492.jpg 768w, https:\/\/icfa.mini.icom.museum\/wp-content\/uploads\/sites\/55\/2022\/12\/2022-08-23-15.20.04-1536x984.jpg 1536w, https:\/\/icfa.mini.icom.museum\/wp-content\/uploads\/sites\/55\/2022\/12\/2022-08-23-15.20.04-2048x1312.jpg 2048w\" sizes=\"(max-width: 500px) 100vw, 500px\" \/><figcaption id=\"caption-attachment-1103\" class=\"wp-caption-text\">Ms Sarah Dominique ORLANDI presenting <i>Ongoing digital open access museum transformation: faqs on legal aspects. A practical tool by ICOM Italy<\/i><\/figcaption><\/figure>\n<hr \/>\n<h1 class=\"p3\"><span class=\"s1\">ICFA\u2019s Off-site Meeting at the National Gallery Prague<\/span><\/h1>\n<p class=\"p5\"><span class=\"s1\">ICFA\u2019s Off-site Meeting was held at the National Gallery Prague (NGP) in Prague Castle and began with welcome remarks by General Director Alicja Knast. NGP is a complex with several buildings and venues, and three buildings are located in this castle area. They hold unique collections and exhibitions at each venue, and we were to be guided to all these three buildings and exhibitions.<\/span><\/p>\n<p class=\"p5\"><span class=\"s1\">The first tour was \u201cZENGA\u2013Japanese Zen Paintings from the Kaeru-An Collection\u201d at Salm Palace. Two co-curators of this exhibition Dr. Mark\u00e9ta H\u00e1nov\u00e1 and Dr. Jana Ryndov\u00e1 introduced us to the origin of the unique collection of Zen paintings at NGP along with the beauty and humor of the combinations of calligraphy and paintings. Dr. Ryndov\u00e1\u2019s several haiku readings demonstrated their attitude towards and deep understanding of Asian art. The imaginative narrative of Japanese art was also derived from the unique exhibition design, including sound installation and attractive furniture designs.<\/span><\/p>\n<figure id=\"attachment_1114\" aria-describedby=\"caption-attachment-1114\" style=\"width: 500px\" class=\"wp-caption aligncenter\"><img decoding=\"async\" loading=\"lazy\" class=\"wp-image-1115\" src=\"https:\/\/icfa.mini.icom.museum\/wp-content\/uploads\/sites\/55\/2022\/12\/2022-08-25-10.26.06-300x225.jpg\" alt=\"\" width=\"500\" height=\"375\" srcset=\"https:\/\/icfa.mini.icom.museum\/wp-content\/uploads\/sites\/55\/2022\/12\/2022-08-25-10.26.06-300x225.jpg 300w, https:\/\/icfa.mini.icom.museum\/wp-content\/uploads\/sites\/55\/2022\/12\/2022-08-25-10.26.06-1024x768.jpg 1024w, https:\/\/icfa.mini.icom.museum\/wp-content\/uploads\/sites\/55\/2022\/12\/2022-08-25-10.26.06-768x576.jpg 768w, https:\/\/icfa.mini.icom.museum\/wp-content\/uploads\/sites\/55\/2022\/12\/2022-08-25-10.26.06-1536x1152.jpg 1536w, https:\/\/icfa.mini.icom.museum\/wp-content\/uploads\/sites\/55\/2022\/12\/2022-08-25-10.26.06-2048x1536.jpg 2048w\" sizes=\"(max-width: 500px) 100vw, 500px\" \/><figcaption id=\"caption-attachment-1114\" class=\"wp-caption-text\">Dr. Martina Jandlov\u00e1 So\u0161kov\u00e1 explaining the ZENGA exhibition and the origin of the collection<\/figcaption><\/figure>\n<figure id=\"attachment_1117\" aria-describedby=\"caption-attachment-1117\" style=\"width: 500px\" class=\"wp-caption aligncenter\"><img decoding=\"async\" loading=\"lazy\" class=\"wp-image-1118\" src=\"https:\/\/icfa.mini.icom.museum\/wp-content\/uploads\/sites\/55\/2022\/12\/2022-08-25-10.31.33-300x225.jpg\" alt=\"\" width=\"500\" height=\"375\" srcset=\"https:\/\/icfa.mini.icom.museum\/wp-content\/uploads\/sites\/55\/2022\/12\/2022-08-25-10.31.33-300x225.jpg 300w, https:\/\/icfa.mini.icom.museum\/wp-content\/uploads\/sites\/55\/2022\/12\/2022-08-25-10.31.33-1024x768.jpg 1024w, https:\/\/icfa.mini.icom.museum\/wp-content\/uploads\/sites\/55\/2022\/12\/2022-08-25-10.31.33-768x576.jpg 768w, https:\/\/icfa.mini.icom.museum\/wp-content\/uploads\/sites\/55\/2022\/12\/2022-08-25-10.31.33-1536x1152.jpg 1536w, https:\/\/icfa.mini.icom.museum\/wp-content\/uploads\/sites\/55\/2022\/12\/2022-08-25-10.31.33-2048x1536.jpg 2048w\" sizes=\"(max-width: 500px) 100vw, 500px\" \/><figcaption id=\"caption-attachment-1117\" class=\"wp-caption-text\">Dr. Jana Ryndov\u00e1 guided the participants in understanding the Japanese sense of beauty<\/figcaption><\/figure>\n<p class=\"p5\"><span class=\"s1\">We later moved to the Schwarzenberg Palace, where the permanent collection of Old Masters was exhibited. Dr. Martina Jandlov\u00e1 So\u0161kov\u00e1 welcomed us and explained the highlights. The display was planned based on our basic understanding of European art history, but it shed light well on the characteristic differences in regional styles.<\/span><\/p>\n<figure id=\"attachment_1120\" aria-describedby=\"caption-attachment-1120\" style=\"width: 500px\" class=\"wp-caption aligncenter\"><img decoding=\"async\" loading=\"lazy\" class=\"wp-image-1121\" src=\"https:\/\/icfa.mini.icom.museum\/wp-content\/uploads\/sites\/55\/2022\/12\/2022-08-25-10.26.07-300x225.jpg\" alt=\"\" width=\"500\" height=\"375\" srcset=\"https:\/\/icfa.mini.icom.museum\/wp-content\/uploads\/sites\/55\/2022\/12\/2022-08-25-10.26.07-300x225.jpg 300w, https:\/\/icfa.mini.icom.museum\/wp-content\/uploads\/sites\/55\/2022\/12\/2022-08-25-10.26.07-1024x768.jpg 1024w, https:\/\/icfa.mini.icom.museum\/wp-content\/uploads\/sites\/55\/2022\/12\/2022-08-25-10.26.07-768x576.jpg 768w, https:\/\/icfa.mini.icom.museum\/wp-content\/uploads\/sites\/55\/2022\/12\/2022-08-25-10.26.07-1536x1152.jpg 1536w, https:\/\/icfa.mini.icom.museum\/wp-content\/uploads\/sites\/55\/2022\/12\/2022-08-25-10.26.07-2048x1536.jpg 2048w\" sizes=\"(max-width: 500px) 100vw, 500px\" \/><figcaption id=\"caption-attachment-1120\" class=\"wp-caption-text\">Dr. Martina Jandlov\u00e1 So\u0161kov\u00e1 guided participants in the Schwarzenberg Palace<\/figcaption><\/figure>\n<p><img decoding=\"async\" loading=\"lazy\" class=\"wp-image-1134 aligncenter\" src=\"https:\/\/icfa.mini.icom.museum\/wp-content\/uploads\/sites\/55\/2022\/12\/d728fe31-7e7a-47eb-8904-7d63b44c80ec-1-300x211.jpg\" alt=\"\" width=\"500\" height=\"351\" srcset=\"https:\/\/icfa.mini.icom.museum\/wp-content\/uploads\/sites\/55\/2022\/12\/d728fe31-7e7a-47eb-8904-7d63b44c80ec-1-300x211.jpg 300w, https:\/\/icfa.mini.icom.museum\/wp-content\/uploads\/sites\/55\/2022\/12\/d728fe31-7e7a-47eb-8904-7d63b44c80ec-1-1024x719.jpg 1024w, https:\/\/icfa.mini.icom.museum\/wp-content\/uploads\/sites\/55\/2022\/12\/d728fe31-7e7a-47eb-8904-7d63b44c80ec-1-768x539.jpg 768w, https:\/\/icfa.mini.icom.museum\/wp-content\/uploads\/sites\/55\/2022\/12\/d728fe31-7e7a-47eb-8904-7d63b44c80ec-1-1536x1079.jpg 1536w, https:\/\/icfa.mini.icom.museum\/wp-content\/uploads\/sites\/55\/2022\/12\/d728fe31-7e7a-47eb-8904-7d63b44c80ec-1.jpg 1912w\" sizes=\"(max-width: 500px) 100vw, 500px\" \/><\/p>\n<p class=\"p5\"><span class=\"s1\">The show continued as Old Masters II in the Sternberg Palace in front of the Schwarzenberg Palace. This historical building was the home of the Society of Patriotic Friends of the Arts, the predecessor of the current NGP, as we learned from Dr. Martina Jandlov\u00e1 So\u0161kov\u00e1. Among the exhibits, the large collection of Russian Christian icons also revealed some of the unique history. They are originally the collection of a Russian connoisseur, Nikodim Pavlovich Kondakov, who came to Prague as a refugee during the Cold War. Another notable collection was of Archduke Franz Ferdinand of Austria, which is now the largest collection of Italian painting schools such as Siena and Florence outside of Italy.<\/span><\/p>\n<figure id=\"attachment_1123\" aria-describedby=\"caption-attachment-1123\" style=\"width: 500px\" class=\"wp-caption aligncenter\"><img decoding=\"async\" loading=\"lazy\" class=\"wp-image-1124\" src=\"https:\/\/icfa.mini.icom.museum\/wp-content\/uploads\/sites\/55\/2022\/12\/2022-08-25-12.20.40-300x225.jpg\" alt=\"\" width=\"500\" height=\"375\" srcset=\"https:\/\/icfa.mini.icom.museum\/wp-content\/uploads\/sites\/55\/2022\/12\/2022-08-25-12.20.40-300x225.jpg 300w, https:\/\/icfa.mini.icom.museum\/wp-content\/uploads\/sites\/55\/2022\/12\/2022-08-25-12.20.40-1024x768.jpg 1024w, https:\/\/icfa.mini.icom.museum\/wp-content\/uploads\/sites\/55\/2022\/12\/2022-08-25-12.20.40-768x576.jpg 768w, https:\/\/icfa.mini.icom.museum\/wp-content\/uploads\/sites\/55\/2022\/12\/2022-08-25-12.20.40-1536x1152.jpg 1536w, https:\/\/icfa.mini.icom.museum\/wp-content\/uploads\/sites\/55\/2022\/12\/2022-08-25-12.20.40-2048x1536.jpg 2048w\" sizes=\"(max-width: 500px) 100vw, 500px\" \/><figcaption id=\"caption-attachment-1123\" class=\"wp-caption-text\">Dr. Martina Jandlov\u00e1 So\u0161kov\u00e1&#8217;s tour began with the historical background of the Sternberg Palace<\/figcaption><\/figure>\n<p class=\"p5\"><span class=\"s1\">Throughout the entire guided tour we learned about the wide-ranging collections and research activities of NGP within their historical contexts. The two-sided approach of traditional study and new display contextualized the collection\u2019s features well. The regional variety still matched our vision of \u201cFine Arts under one roof\u201d and inspired ICFA members a great deal. During the tour, I saw many members from different cultural backgrounds talking about these collections together. This is where ICFA\u2019s meeting should stand, which I found as a hint of our future activities.<\/span><\/p>\n<p class=\"p5\"><span class=\"s1\"><img decoding=\"async\" loading=\"lazy\" class=\"wp-image-1137 aligncenter\" src=\"https:\/\/icfa.mini.icom.museum\/wp-content\/uploads\/sites\/55\/2022\/12\/1f59a1cd-69d3-4e51-96c3-3dc4d3fe5236-1-300x255.jpg\" alt=\"\" width=\"500\" height=\"424\" srcset=\"https:\/\/icfa.mini.icom.museum\/wp-content\/uploads\/sites\/55\/2022\/12\/1f59a1cd-69d3-4e51-96c3-3dc4d3fe5236-1-300x255.jpg 300w, https:\/\/icfa.mini.icom.museum\/wp-content\/uploads\/sites\/55\/2022\/12\/1f59a1cd-69d3-4e51-96c3-3dc4d3fe5236-1-1024x869.jpg 1024w, https:\/\/icfa.mini.icom.museum\/wp-content\/uploads\/sites\/55\/2022\/12\/1f59a1cd-69d3-4e51-96c3-3dc4d3fe5236-1-768x652.jpg 768w, https:\/\/icfa.mini.icom.museum\/wp-content\/uploads\/sites\/55\/2022\/12\/1f59a1cd-69d3-4e51-96c3-3dc4d3fe5236-1-1536x1304.jpg 1536w, https:\/\/icfa.mini.icom.museum\/wp-content\/uploads\/sites\/55\/2022\/12\/1f59a1cd-69d3-4e51-96c3-3dc4d3fe5236-1.jpg 1910w\" sizes=\"(max-width: 500px) 100vw, 500px\" \/><\/span><\/p>\n<p class=\"p5\"><span class=\"s1\">Last but not least, this informative meeting was realized with the great help of the National Gallery Prague, especially with the efforts of Dr. Mark\u00e9ta H\u00e1nov\u00e1 and her team. Michaela Vavrova served as a volunteer and helped us with every detail throughout the sessions. We hereby show our sincere gratitude to them and hope for further collaboration within the ICFA team.<\/span><\/p>\n<p class=\"p6\"><span class=\"s1\">Kanae Aoki<\/span><\/p>\n<hr \/>\n<p>Some more shots from our meetings&#8230;<\/p>\n<figure id=\"attachment_1139\" aria-describedby=\"caption-attachment-1139\" style=\"width: 300px\" class=\"wp-caption alignnone\"><img decoding=\"async\" loading=\"lazy\" class=\"wp-image-1140\" src=\"https:\/\/icfa.mini.icom.museum\/wp-content\/uploads\/sites\/55\/2022\/12\/97c7f5f0-9d15-42f3-b984-516c8bb1e7a0-225x300.jpg\" alt=\"\" width=\"300\" height=\"400\" srcset=\"https:\/\/icfa.mini.icom.museum\/wp-content\/uploads\/sites\/55\/2022\/12\/97c7f5f0-9d15-42f3-b984-516c8bb1e7a0-225x300.jpg 225w, https:\/\/icfa.mini.icom.museum\/wp-content\/uploads\/sites\/55\/2022\/12\/97c7f5f0-9d15-42f3-b984-516c8bb1e7a0-768x1024.jpg 768w, https:\/\/icfa.mini.icom.museum\/wp-content\/uploads\/sites\/55\/2022\/12\/97c7f5f0-9d15-42f3-b984-516c8bb1e7a0-1152x1536.jpg 1152w, https:\/\/icfa.mini.icom.museum\/wp-content\/uploads\/sites\/55\/2022\/12\/97c7f5f0-9d15-42f3-b984-516c8bb1e7a0.jpg 1402w\" sizes=\"(max-width: 300px) 100vw, 300px\" \/><figcaption id=\"caption-attachment-1139\" class=\"wp-caption-text\">Our helpful volunteer Michaela with Chairs<\/figcaption><\/figure>\n<figure id=\"attachment_1142\" aria-describedby=\"caption-attachment-1142\" style=\"width: 300px\" class=\"wp-caption alignnone\"><img decoding=\"async\" loading=\"lazy\" class=\"size-medium wp-image-1143\" src=\"https:\/\/icfa.mini.icom.museum\/wp-content\/uploads\/sites\/55\/2022\/12\/104e06d7-1e3d-4d68-ac1c-c2acda6840b5-300x300.jpg\" alt=\"\" width=\"300\" height=\"300\" srcset=\"https:\/\/icfa.mini.icom.museum\/wp-content\/uploads\/sites\/55\/2022\/12\/104e06d7-1e3d-4d68-ac1c-c2acda6840b5-300x300.jpg 300w, https:\/\/icfa.mini.icom.museum\/wp-content\/uploads\/sites\/55\/2022\/12\/104e06d7-1e3d-4d68-ac1c-c2acda6840b5-1024x1024.jpg 1024w, https:\/\/icfa.mini.icom.museum\/wp-content\/uploads\/sites\/55\/2022\/12\/104e06d7-1e3d-4d68-ac1c-c2acda6840b5-150x150.jpg 150w, https:\/\/icfa.mini.icom.museum\/wp-content\/uploads\/sites\/55\/2022\/12\/104e06d7-1e3d-4d68-ac1c-c2acda6840b5-768x768.jpg 768w, https:\/\/icfa.mini.icom.museum\/wp-content\/uploads\/sites\/55\/2022\/12\/104e06d7-1e3d-4d68-ac1c-c2acda6840b5-1536x1536.jpg 1536w, https:\/\/icfa.mini.icom.museum\/wp-content\/uploads\/sites\/55\/2022\/12\/104e06d7-1e3d-4d68-ac1c-c2acda6840b5.jpg 1547w\" sizes=\"(max-width: 300px) 100vw, 300px\" \/><figcaption id=\"caption-attachment-1142\" class=\"wp-caption-text\">Old and new Chairs, aiming for the same future&#8230;<\/figcaption><\/figure>\n","protected":false},"excerpt":{"rendered":"<p>ICOM Prague 2022: Chairs\u2019 Report. ICFA Sessions (August 22\u201323) and the Off-site Meeting (August 24) Fine Arts online. How?\u00a0 Session Program ICFA\u2019s two sessions during the ICOM Prague General Conference 2022 reflected the current situation after COVID restrictions had eased. We re-committed to the \u201cFine Arts Under One Roof\u201d focus for future projects.\u00a0 We all [&hellip;]<\/p>\n","protected":false},"author":99,"featured_media":1127,"comment_status":"open","ping_status":"open","sticky":false,"template":"","format":"standard","meta":{"footnotes":""},"categories":[619,626],"tags":[],"yst_prominent_words":[122,359],"acf":[],"_links":{"self":[{"href":"https:\/\/icfa.mini.icom.museum\/fr\/wp-json\/wp\/v2\/posts\/1148"}],"collection":[{"href":"https:\/\/icfa.mini.icom.museum\/fr\/wp-json\/wp\/v2\/posts"}],"about":[{"href":"https:\/\/icfa.mini.icom.museum\/fr\/wp-json\/wp\/v2\/types\/post"}],"author":[{"embeddable":true,"href":"https:\/\/icfa.mini.icom.museum\/fr\/wp-json\/wp\/v2\/users\/99"}],"replies":[{"embeddable":true,"href":"https:\/\/icfa.mini.icom.museum\/fr\/wp-json\/wp\/v2\/comments?post=1148"}],"version-history":[{"count":2,"href":"https:\/\/icfa.mini.icom.museum\/fr\/wp-json\/wp\/v2\/posts\/1148\/revisions"}],"predecessor-version":[{"id":1151,"href":"https:\/\/icfa.mini.icom.museum\/fr\/wp-json\/wp\/v2\/posts\/1148\/revisions\/1151"}],"wp:featuredmedia":[{"embeddable":true,"href":"https:\/\/icfa.mini.icom.museum\/fr\/wp-json\/wp\/v2\/media\/1127"}],"wp:attachment":[{"href":"https:\/\/icfa.mini.icom.museum\/fr\/wp-json\/wp\/v2\/media?parent=1148"}],"wp:term":[{"taxonomy":"category","embeddable":true,"href":"https:\/\/icfa.mini.icom.museum\/fr\/wp-json\/wp\/v2\/categories?post=1148"},{"taxonomy":"post_tag","embeddable":true,"href":"https:\/\/icfa.mini.icom.museum\/fr\/wp-json\/wp\/v2\/tags?post=1148"},{"taxonomy":"yst_prominent_words","embeddable":true,"href":"https:\/\/icfa.mini.icom.museum\/fr\/wp-json\/wp\/v2\/yst_prominent_words?post=1148"}],"curies":[{"name":"wp","href":"https:\/\/api.w.org\/{rel}","templated":true}]}}